{"id":1818,"date":"2025-07-28T14:38:38","date_gmt":"2025-07-28T14:38:38","guid":{"rendered":"https:\/\/fesfs.com.br\/home\/?p=1818"},"modified":"2025-07-28T14:38:41","modified_gmt":"2025-07-28T14:38:41","slug":"confronto-de-titas","status":"publish","type":"post","link":"https:\/\/fesfs.com.br\/home\/?p=1818","title":{"rendered":"Confronto de TIT\u00c3S!"},"content":{"rendered":"\n<p>Neste s\u00e1bado, \u00e0s 16h40, a&nbsp;<a href=\"https:\/\/www.instagram.com\/jomasportbr\/\">@jomasportbr<\/a>&nbsp;vai rola para mais um grande duelo da Copa ES de Sele\u00e7\u00f5es 2025!<\/p>\n\n\n\n<p>Em quadra, duas pot\u00eancias do futsal: a sele\u00e7\u00e3o de Alto Rio Novo enfrenta a atual campe\u00e3, Cariacica, que entra com tudo para defender o t\u00edtulo conquistado no ano anterior.<\/p>\n\n\n\n<p>\ud83d\udca5 Promessa de jog\u00e3o, rivalidade em alta e um verdadeiro show de futsal para o torcedor capixaba!<\/p>\n\n\n\n<p>\ud83d\udcfa TRANSMISS\u00c3O AO VIVO pelo canal oficial da FESFSTV no YouTube com cobertura completa e exclusiva da JOTTATV.<\/p>\n\n\n\n<p>N\u00e3o perca nenhum detalhe dessa batalha que vai pegar fogo!<\/p>\n\n\n\n<p>\ud83d\udd25 Quem avan\u00e7a para a grande final? Descubra AO VIVO com a gente!<\/p>\n\n\n\n<p>Por Jheniffer Luiza \/ IMPRENSA FESFS<\/p>\n\n\n\n<figure class=\"wp-block-image size-large\"><img fetchpriority=\"high\" decoding=\"async\" width=\"819\" height=\"1024\" src=\"https:\/\/fesfs.com.br\/home\/wp-content\/uploads\/2025\/07\/SEMIFINAL-7-819x1024.png\" alt=\"\" class=\"wp-image-1819\" srcset=\"https:\/\/fesfs.com.br\/home\/wp-content\/uploads\/2025\/07\/SEMIFINAL-7-819x1024.png 819w, https:\/\/fesfs.com.br\/home\/wp-content\/uploads\/2025\/07\/SEMIFINAL-7-240x300.png 240w, https:\/\/fesfs.com.br\/home\/wp-content\/uploads\/2025\/07\/SEMIFINAL-7-768x960.png 768w, https:\/\/fesfs.com.br\/home\/wp-content\/uploads\/2025\/07\/SEMIFINAL-7.png 1080w\" sizes=\"(max-width: 819px) 100vw, 819px\" \/><\/figure>\n","protected":false},"excerpt":{"rendered":"<p>Neste s\u00e1bado, \u00e0s 16h40, a&nbsp;@jomasportbr&nbsp;vai rola para mais um grande duelo da Copa ES de Sele\u00e7\u00f5es 2025! Em quadra, duas pot\u00eancias do futsal: a sele\u00e7\u00e3o de Alto Rio Novo enfrenta a atual campe\u00e3, Cariacica, que entra com tudo para defender o t\u00edtulo conquistado no ano anterior. \ud83d\udca5 Promessa de jog\u00e3o, rivalidade em alta e um &hellip;<\/p>\n<p class=\"read-more\"> <a class=\"\" href=\"https:\/\/fesfs.com.br\/home\/?p=1818\"> <span class=\"screen-reader-text\">Confronto de TIT\u00c3S!<\/span> Leia mais &raquo;<\/a><\/p>\n","protected":false},"author":2,"featured_media":0,"comment_status":"open","ping_status":"open","sticky":false,"template":"","format":"standard","meta":{"footnotes":""},"categories":[1],"tags":[],"class_list":["post-1818","post","type-post","status-publish","format-standard","hentry","category-uncategorized"],"_links":{"self":[{"href":"https:\/\/fesfs.com.br\/home\/index.php?rest_route=\/wp\/v2\/posts\/1818","targetHints":{"allow":["GET"]}}],"collection":[{"href":"https:\/\/fesfs.com.br\/home\/index.php?rest_route=\/wp\/v2\/posts"}],"about":[{"href":"https:\/\/fesfs.com.br\/home\/index.php?rest_route=\/wp\/v2\/types\/post"}],"author":[{"embeddable":true,"href":"https:\/\/fesfs.com.br\/home\/index.php?rest_route=\/wp\/v2\/users\/2"}],"replies":[{"embeddable":true,"href":"https:\/\/fesfs.com.br\/home\/index.php?rest_route=%2Fwp%2Fv2%2Fcomments&post=1818"}],"version-history":[{"count":1,"href":"https:\/\/fesfs.com.br\/home\/index.php?rest_route=\/wp\/v2\/posts\/1818\/revisions"}],"predecessor-version":[{"id":1820,"href":"https:\/\/fesfs.com.br\/home\/index.php?rest_route=\/wp\/v2\/posts\/1818\/revisions\/1820"}],"wp:attachment":[{"href":"https:\/\/fesfs.com.br\/home\/index.php?rest_route=%2Fwp%2Fv2%2Fmedia&parent=1818"}],"wp:term":[{"taxonomy":"category","embeddable":true,"href":"https:\/\/fesfs.com.br\/home\/index.php?rest_route=%2Fwp%2Fv2%2Fcategories&post=1818"},{"taxonomy":"post_tag","embeddable":true,"href":"https:\/\/fesfs.com.br\/home\/index.php?rest_route=%2Fwp%2Fv2%2Ftags&post=1818"}],"curies":[{"name":"wp","href":"https:\/\/api.w.org\/{rel}","templated":true}]}}