{"id":1813,"date":"2025-07-28T14:36:19","date_gmt":"2025-07-28T14:36:19","guid":{"rendered":"https:\/\/fesfs.com.br\/home\/?p=1813"},"modified":"2025-07-28T14:36:21","modified_gmt":"2025-07-28T14:36:21","slug":"semifinal-inedita-na-copa-es-de-selecoes","status":"publish","type":"post","link":"https:\/\/fesfs.com.br\/home\/?p=1813","title":{"rendered":"SEMIFINAL IN\u00c9DITA NA COPA ES DE SELE\u00c7\u00d5ES."},"content":{"rendered":"\n<p>No pr\u00f3ximo s\u00e1bado, 26 de julho, \u00e0s 18H a Arena Jacara\u00edpe vai ferver com a quarta semifinal do dia pela Copa ES de Sele\u00e7\u00f5es 2025.<\/p>\n\n\n\n<p>Em quadra, duas grandes surpresas da edi\u00e7\u00e3o:<\/p>\n\n\n\n<p>A sele\u00e7\u00e3o de Vila Velha contra a de Santa Teresa , ambos com campanhas marcantes em sua estreia na competi\u00e7\u00e3o.<\/p>\n\n\n\n<p>Mesmo sendo novatas na copa, as duas sele\u00e7\u00f5es conquistaram seu espa\u00e7o com atua\u00e7\u00f5es s\u00f3lidas, elencos com muita garra e jogadores que n\u00e3o se intimidam diante de desafios.<\/p>\n\n\n\n<p>Agora, est\u00e3o a um passo da final e v\u00e3o com tudo pra fazer hist\u00f3ria!<\/p>\n\n\n\n<p>A emo\u00e7\u00e3o come\u00e7a cedo: o pr\u00e9-jogo vai ao ar \u00e0s 16h20, com transmiss\u00e3o AO VIVO pela FESFSTV e cobertura completa da&nbsp;<a href=\"https:\/\/www.instagram.com\/jottatv__\/\">@jottatv__<\/a>&nbsp;, mostrando bastidores, escala\u00e7\u00f5es, expectativas e tudo o que envolve esse grande espet\u00e1culo do futsal capixaba! \ud83c\udfa5\ud83d\udd25<\/p>\n\n\n\n<p>\ud83d\udccd Arena Jacara\u00edpe<br>\ud83d\uddd3 S\u00e1bado | 26 de julho<br>\ud83d\udd53 Pr\u00e9-jogo: 18H | Bola rolando: 18H00<\/p>\n\n\n\n<p>\u26a0\ufe0f \u00c9 agora ou nunca. Quem avan\u00e7a pra final? N\u00e3o perca!<\/p>\n\n\n\n<p>Por Jheniffer Luiza &#8211; IMPRENSA FESFS<\/p>\n\n\n\n<figure class=\"wp-block-gallery has-nested-images columns-default is-cropped wp-block-gallery-1 is-layout-flex wp-block-gallery-is-layout-flex\"><\/figure>\n\n\n\n<figure class=\"wp-block-image size-large\"><img fetchpriority=\"high\" decoding=\"async\" width=\"819\" height=\"1024\" src=\"https:\/\/fesfs.com.br\/home\/wp-content\/uploads\/2025\/07\/SEMIFINAL-8-819x1024.png\" alt=\"\" class=\"wp-image-1816\" srcset=\"https:\/\/fesfs.com.br\/home\/wp-content\/uploads\/2025\/07\/SEMIFINAL-8-819x1024.png 819w, https:\/\/fesfs.com.br\/home\/wp-content\/uploads\/2025\/07\/SEMIFINAL-8-240x300.png 240w, https:\/\/fesfs.com.br\/home\/wp-content\/uploads\/2025\/07\/SEMIFINAL-8-768x960.png 768w, https:\/\/fesfs.com.br\/home\/wp-content\/uploads\/2025\/07\/SEMIFINAL-8.png 1080w\" sizes=\"(max-width: 819px) 100vw, 819px\" \/><\/figure>\n\n\n\n<p><a href=\"https:\/\/www.instagram.com\/explore\/tags\/copaes2025\/\">#CopaES2025<\/a><a href=\"https:\/\/www.instagram.com\/explore\/tags\/semifinal\/\">#Semifinal<\/a><a href=\"https:\/\/www.instagram.com\/explore\/tags\/futsalcapixaba\/\">#FutsalCapixaba<\/a><a href=\"https:\/\/www.instagram.com\/explore\/tags\/fesfstv\/\">#FESFSTV<\/a><a href=\"https:\/\/www.instagram.com\/explore\/tags\/jottatv\/\">#JOTTATV<\/a><a href=\"https:\/\/www.instagram.com\/explore\/tags\/vilavelhavssantateresa\/\">#VilaVelhaVsSantaTeresa<\/a><a href=\"https:\/\/www.instagram.com\/explore\/tags\/duelodeestreantes\/\">#DueloDeEstreantes<\/a><a href=\"https:\/\/www.instagram.com\/explore\/tags\/arenajacaraipe\/\">#ArenaJacaraipe<\/a><\/p>\n","protected":false},"excerpt":{"rendered":"<p>No pr\u00f3ximo s\u00e1bado, 26 de julho, \u00e0s 18H a Arena Jacara\u00edpe vai ferver com a quarta semifinal do dia pela Copa ES de Sele\u00e7\u00f5es 2025. Em quadra, duas grandes surpresas da edi\u00e7\u00e3o: A sele\u00e7\u00e3o de Vila Velha contra a de Santa Teresa , ambos com campanhas marcantes em sua estreia na competi\u00e7\u00e3o. Mesmo sendo novatas &hellip;<\/p>\n<p class=\"read-more\"> <a class=\"\" href=\"https:\/\/fesfs.com.br\/home\/?p=1813\"> <span class=\"screen-reader-text\">SEMIFINAL IN\u00c9DITA NA COPA ES DE SELE\u00c7\u00d5ES.<\/span> Leia mais &raquo;<\/a><\/p>\n","protected":false},"author":2,"featured_media":0,"comment_status":"open","ping_status":"open","sticky":false,"template":"","format":"standard","meta":{"footnotes":""},"categories":[1],"tags":[],"class_list":["post-1813","post","type-post","status-publish","format-standard","hentry","category-uncategorized"],"_links":{"self":[{"href":"https:\/\/fesfs.com.br\/home\/index.php?rest_route=\/wp\/v2\/posts\/1813","targetHints":{"allow":["GET"]}}],"collection":[{"href":"https:\/\/fesfs.com.br\/home\/index.php?rest_route=\/wp\/v2\/posts"}],"about":[{"href":"https:\/\/fesfs.com.br\/home\/index.php?rest_route=\/wp\/v2\/types\/post"}],"author":[{"embeddable":true,"href":"https:\/\/fesfs.com.br\/home\/index.php?rest_route=\/wp\/v2\/users\/2"}],"replies":[{"embeddable":true,"href":"https:\/\/fesfs.com.br\/home\/index.php?rest_route=%2Fwp%2Fv2%2Fcomments&post=1813"}],"version-history":[{"count":1,"href":"https:\/\/fesfs.com.br\/home\/index.php?rest_route=\/wp\/v2\/posts\/1813\/revisions"}],"predecessor-version":[{"id":1817,"href":"https:\/\/fesfs.com.br\/home\/index.php?rest_route=\/wp\/v2\/posts\/1813\/revisions\/1817"}],"wp:attachment":[{"href":"https:\/\/fesfs.com.br\/home\/index.php?rest_route=%2Fwp%2Fv2%2Fmedia&parent=1813"}],"wp:term":[{"taxonomy":"category","embeddable":true,"href":"https:\/\/fesfs.com.br\/home\/index.php?rest_route=%2Fwp%2Fv2%2Fcategories&post=1813"},{"taxonomy":"post_tag","embeddable":true,"href":"https:\/\/fesfs.com.br\/home\/index.php?rest_route=%2Fwp%2Fv2%2Ftags&post=1813"}],"curies":[{"name":"wp","href":"https:\/\/api.w.org\/{rel}","templated":true}]}}