{"id":1802,"date":"2025-07-22T13:23:07","date_gmt":"2025-07-22T13:23:07","guid":{"rendered":"https:\/\/fesfs.com.br\/home\/?p=1802"},"modified":"2025-07-22T13:23:09","modified_gmt":"2025-07-22T13:23:09","slug":"fesfs-comemora-41-anos-de-trajetoria-marcada-pelo-compromisso-com-o-desenvolvimento-do-futsal-capixaba","status":"publish","type":"post","link":"https:\/\/fesfs.com.br\/home\/?p=1802","title":{"rendered":"\u00a0FESFS comemora 41 anos de trajet\u00f3ria marcada pelo compromisso com o desenvolvimento do futsal capixaba."},"content":{"rendered":"\n<p><\/p>\n\n\n\n<p>Hoje a FESFS comemora 41 anos de trajet\u00f3ria marcada pelo compromisso com o desenvolvimento do futsal capixaba.<\/p>\n\n\n\n<p>Ao longo dessas mais de quatro d\u00e9cadas, a federa\u00e7\u00e3o tem sido pe\u00e7a fundamental na forma\u00e7\u00e3o de atletas, na promo\u00e7\u00e3o de competi\u00e7\u00f5es e no fortalecimento da modalidade em todo o Esp\u00edrito Santo.<\/p>\n\n\n\n<p>Um agradecimento especial ao presidente Arnaud Cordeiro, que h\u00e1 13 anos lidera a FESFS com dedica\u00e7\u00e3o e compet\u00eancia, promovendo uma verdadeira revolu\u00e7\u00e3o na categoria.<\/p>\n\n\n\n<p>Muito obrigado por seu trabalho incans\u00e1vel e transformador&nbsp;<a href=\"https:\/\/www.instagram.com\/arnaud.cordeiro\/\">@arnaud.cordeiro<\/a><\/p>\n\n\n\n<p>Um viva ao Futsal, esporte genuinamente brasileiro<\/p>\n\n\n\n<p>Por Jheniffer Luiza, IMPRENSA &#8211; FESFS<\/p>\n\n\n\n<figure class=\"wp-block-gallery has-nested-images columns-default is-cropped wp-block-gallery-1 is-layout-flex wp-block-gallery-is-layout-flex\">\n<figure class=\"wp-block-image size-large\"><img fetchpriority=\"high\" decoding=\"async\" width=\"819\" height=\"1024\" data-id=\"1803\" src=\"https:\/\/fesfs.com.br\/home\/wp-content\/uploads\/2025\/07\/41-1-819x1024.png\" alt=\"\" class=\"wp-image-1803\" srcset=\"https:\/\/fesfs.com.br\/home\/wp-content\/uploads\/2025\/07\/41-1-819x1024.png 819w, https:\/\/fesfs.com.br\/home\/wp-content\/uploads\/2025\/07\/41-1-240x300.png 240w, https:\/\/fesfs.com.br\/home\/wp-content\/uploads\/2025\/07\/41-1-768x960.png 768w, https:\/\/fesfs.com.br\/home\/wp-content\/uploads\/2025\/07\/41-1.png 1080w\" sizes=\"(max-width: 819px) 100vw, 819px\" \/><\/figure>\n<\/figure>\n","protected":false},"excerpt":{"rendered":"<p>Hoje a FESFS comemora 41 anos de trajet\u00f3ria marcada pelo compromisso com o desenvolvimento do futsal capixaba. Ao longo dessas mais de quatro d\u00e9cadas, a federa\u00e7\u00e3o tem sido pe\u00e7a fundamental na forma\u00e7\u00e3o de atletas, na promo\u00e7\u00e3o de competi\u00e7\u00f5es e no fortalecimento da modalidade em todo o Esp\u00edrito Santo. Um agradecimento especial ao presidente Arnaud Cordeiro, &hellip;<\/p>\n<p class=\"read-more\"> <a class=\"\" href=\"https:\/\/fesfs.com.br\/home\/?p=1802\"> <span class=\"screen-reader-text\">\u00a0FESFS comemora 41 anos de trajet\u00f3ria marcada pelo compromisso com o desenvolvimento do futsal capixaba.<\/span> Leia mais &raquo;<\/a><\/p>\n","protected":false},"author":3,"featured_media":1803,"comment_status":"open","ping_status":"open","sticky":false,"template":"","format":"standard","meta":{"footnotes":""},"categories":[1,5],"tags":[],"class_list":["post-1802","post","type-post","status-publish","format-standard","has-post-thumbnail","hentry","category-uncategorized","category-futsal-brasil"],"_links":{"self":[{"href":"https:\/\/fesfs.com.br\/home\/index.php?rest_route=\/wp\/v2\/posts\/1802","targetHints":{"allow":["GET"]}}],"collection":[{"href":"https:\/\/fesfs.com.br\/home\/index.php?rest_route=\/wp\/v2\/posts"}],"about":[{"href":"https:\/\/fesfs.com.br\/home\/index.php?rest_route=\/wp\/v2\/types\/post"}],"author":[{"embeddable":true,"href":"https:\/\/fesfs.com.br\/home\/index.php?rest_route=\/wp\/v2\/users\/3"}],"replies":[{"embeddable":true,"href":"https:\/\/fesfs.com.br\/home\/index.php?rest_route=%2Fwp%2Fv2%2Fcomments&post=1802"}],"version-history":[{"count":1,"href":"https:\/\/fesfs.com.br\/home\/index.php?rest_route=\/wp\/v2\/posts\/1802\/revisions"}],"predecessor-version":[{"id":1804,"href":"https:\/\/fesfs.com.br\/home\/index.php?rest_route=\/wp\/v2\/posts\/1802\/revisions\/1804"}],"wp:featuredmedia":[{"embeddable":true,"href":"https:\/\/fesfs.com.br\/home\/index.php?rest_route=\/wp\/v2\/media\/1803"}],"wp:attachment":[{"href":"https:\/\/fesfs.com.br\/home\/index.php?rest_route=%2Fwp%2Fv2%2Fmedia&parent=1802"}],"wp:term":[{"taxonomy":"category","embeddable":true,"href":"https:\/\/fesfs.com.br\/home\/index.php?rest_route=%2Fwp%2Fv2%2Fcategories&post=1802"},{"taxonomy":"post_tag","embeddable":true,"href":"https:\/\/fesfs.com.br\/home\/index.php?rest_route=%2Fwp%2Fv2%2Ftags&post=1802"}],"curies":[{"name":"wp","href":"https:\/\/api.w.org\/{rel}","templated":true}]}}