{"id":1531,"date":"2023-08-21T17:43:43","date_gmt":"2023-08-21T17:43:43","guid":{"rendered":"https:\/\/fesfs.com.br\/home\/?p=1531"},"modified":"2023-08-21T17:43:43","modified_gmt":"2023-08-21T17:43:43","slug":"festival-indigena-de-futsal","status":"publish","type":"post","link":"https:\/\/fesfs.com.br\/home\/?p=1531","title":{"rendered":"FESTIVAL IND\u00cdGENA DE FUTSAL"},"content":{"rendered":"<p>&nbsp;<\/p>\n<p><img fetchpriority=\"high\" decoding=\"async\" class=\"alignnone  wp-image-1532\" src=\"https:\/\/fesfs.com.br\/home\/wp-content\/uploads\/2023\/08\/FESTIVAL-INDIGENA-DE-FUTSAL-1-300x300.png\" alt=\"\" width=\"420\" height=\"420\" srcset=\"https:\/\/fesfs.com.br\/home\/wp-content\/uploads\/2023\/08\/FESTIVAL-INDIGENA-DE-FUTSAL-1-300x300.png 300w, https:\/\/fesfs.com.br\/home\/wp-content\/uploads\/2023\/08\/FESTIVAL-INDIGENA-DE-FUTSAL-1-1024x1024.png 1024w, https:\/\/fesfs.com.br\/home\/wp-content\/uploads\/2023\/08\/FESTIVAL-INDIGENA-DE-FUTSAL-1-150x150.png 150w, https:\/\/fesfs.com.br\/home\/wp-content\/uploads\/2023\/08\/FESTIVAL-INDIGENA-DE-FUTSAL-1-768x768.png 768w, https:\/\/fesfs.com.br\/home\/wp-content\/uploads\/2023\/08\/FESTIVAL-INDIGENA-DE-FUTSAL-1.png 1080w\" sizes=\"(max-width: 420px) 100vw, 420px\" \/><\/p>\n<p>Festival Ind\u00edgena de Futsal na Aldeia Tupinikim<\/p>\n<p>No dia 03 de setembro(domingo) a FESFS irar realizar o festival ind\u00edgena com as categorias de base na Aldeia Tupininkim, em Caieiras Velha-Aracruz. Os jogos acontecer\u00e3o na pr\u00f3prio gin\u00e1sio da aldeia, constru\u00eddo em formato de OCA.<\/p>\n<p>Categorias que participar\u00e3o: Sub09, Sub 11 e Sub 13<\/p>\n<p>Para saber mais, acompanhe nosso Instagram \u2013 @fesfs_es.<\/p>\n<p>&nbsp;<\/p>\n","protected":false},"excerpt":{"rendered":"<p>&nbsp; Festival Ind\u00edgena de Futsal na Aldeia Tupinikim No dia 03 de setembro(domingo) a FESFS irar realizar o festival ind\u00edgena com as categorias de base na Aldeia Tupininkim, em Caieiras Velha-Aracruz. Os jogos acontecer\u00e3o na pr\u00f3prio gin\u00e1sio da aldeia, constru\u00eddo em formato de OCA. Categorias que participar\u00e3o: Sub09, Sub 11 e Sub 13 Para saber &hellip;<\/p>\n<p class=\"read-more\"> <a class=\"\" href=\"https:\/\/fesfs.com.br\/home\/?p=1531\"> <span class=\"screen-reader-text\">FESTIVAL IND\u00cdGENA DE FUTSAL<\/span> Leia mais &raquo;<\/a><\/p>\n","protected":false},"author":2,"featured_media":0,"comment_status":"open","ping_status":"open","sticky":false,"template":"","format":"standard","meta":{"footnotes":""},"categories":[1,5],"tags":[],"class_list":["post-1531","post","type-post","status-publish","format-standard","hentry","category-uncategorized","category-futsal-brasil"],"_links":{"self":[{"href":"https:\/\/fesfs.com.br\/home\/index.php?rest_route=\/wp\/v2\/posts\/1531","targetHints":{"allow":["GET"]}}],"collection":[{"href":"https:\/\/fesfs.com.br\/home\/index.php?rest_route=\/wp\/v2\/posts"}],"about":[{"href":"https:\/\/fesfs.com.br\/home\/index.php?rest_route=\/wp\/v2\/types\/post"}],"author":[{"embeddable":true,"href":"https:\/\/fesfs.com.br\/home\/index.php?rest_route=\/wp\/v2\/users\/2"}],"replies":[{"embeddable":true,"href":"https:\/\/fesfs.com.br\/home\/index.php?rest_route=%2Fwp%2Fv2%2Fcomments&post=1531"}],"version-history":[{"count":1,"href":"https:\/\/fesfs.com.br\/home\/index.php?rest_route=\/wp\/v2\/posts\/1531\/revisions"}],"predecessor-version":[{"id":1533,"href":"https:\/\/fesfs.com.br\/home\/index.php?rest_route=\/wp\/v2\/posts\/1531\/revisions\/1533"}],"wp:attachment":[{"href":"https:\/\/fesfs.com.br\/home\/index.php?rest_route=%2Fwp%2Fv2%2Fmedia&parent=1531"}],"wp:term":[{"taxonomy":"category","embeddable":true,"href":"https:\/\/fesfs.com.br\/home\/index.php?rest_route=%2Fwp%2Fv2%2Fcategories&post=1531"},{"taxonomy":"post_tag","embeddable":true,"href":"https:\/\/fesfs.com.br\/home\/index.php?rest_route=%2Fwp%2Fv2%2Ftags&post=1531"}],"curies":[{"name":"wp","href":"https:\/\/api.w.org\/{rel}","templated":true}]}}