{"id":1503,"date":"2023-08-02T17:50:14","date_gmt":"2023-08-02T17:50:14","guid":{"rendered":"https:\/\/fesfs.com.br\/home\/?p=1503"},"modified":"2023-08-02T17:58:04","modified_gmt":"2023-08-02T17:58:04","slug":"fase-final-copa-es-de-base","status":"publish","type":"post","link":"https:\/\/fesfs.com.br\/home\/?p=1503","title":{"rendered":"FASE FINAL COPA ES DE BASE"},"content":{"rendered":"<p><img fetchpriority=\"high\" decoding=\"async\" class=\"wp-image-1504 aligncenter\" src=\"https:\/\/fesfs.com.br\/home\/wp-content\/uploads\/2023\/08\/00000-300x192.jpg\" alt=\"\" width=\"476\" height=\"305\" srcset=\"https:\/\/fesfs.com.br\/home\/wp-content\/uploads\/2023\/08\/00000-300x192.jpg 300w, https:\/\/fesfs.com.br\/home\/wp-content\/uploads\/2023\/08\/00000-1024x657.jpg 1024w, https:\/\/fesfs.com.br\/home\/wp-content\/uploads\/2023\/08\/00000-768x493.jpg 768w, https:\/\/fesfs.com.br\/home\/wp-content\/uploads\/2023\/08\/00000-1536x985.jpg 1536w, https:\/\/fesfs.com.br\/home\/wp-content\/uploads\/2023\/08\/00000-2048x1314.jpg 2048w\" sizes=\"(max-width: 476px) 100vw, 476px\" \/><\/p>\n<p style=\"text-align: left;\">No \u00faltimo final de semana, tivemos as ultimas etapas da Copa Es de Base. Que aconteceram entre os dias 29 e 30 de Julho. As fases foram divididas em duas cidades, em Cidade Continental no munic\u00edpio da Serra, com jogos apenas da categoria sub 13 e a outra etapa em S\u00e3o Gabriel da Palha, com as categorias sub 15 e sub 17.<\/p>\n<p style=\"text-align: left;\">Ao todo tivemos seis equipes classificadas para a t\u00e3o sonhada fase final da \u00faltima etapa, que acontecer\u00e1 no pr\u00f3ximo final de semana entre os dias 05 e 06 de Agosto, em Vit\u00f3ria no Gin\u00e1sio da Sesport.<\/p>\n<p style=\"text-align: left;\">Teremos equipes vindo de Maril\u00e2ndia, Linhares, S\u00e3o Matheus, Aracruz, Ecoporanga, S\u00e3o Gabriel e as equipes da Grande Vit\u00f3ria. Os jogos foram definidos por sorteio, que aconteceu na \u00faltima segunda-feira, 31 de Julho. Nos confrontos teremos, sub 09, sub11, sub 13, sub 15, sub 17 e sub 20.<\/p>\n<p style=\"text-align: left;\">H\u00e1 muita expectativa entre as equipes e um anseio grandioso para serem campe\u00e3s, visto que, aos campe\u00f5es filiados a FESFS, n\u00e3o receber\u00e3o apenas o t\u00edtulo, mas tamb\u00e9m, a vaga, para a almejada Ta\u00e7a Brasil de Clubes 2024.<\/p>\n<p style=\"text-align: left;\">Nos siga em nosso Instagram: @fesfs_es<\/p>\n<p style=\"text-align: left;\">\n","protected":false},"excerpt":{"rendered":"<p>No \u00faltimo final de semana, tivemos as ultimas etapas da Copa Es de Base. Que aconteceram entre os dias 29 e 30 de Julho. As fases foram divididas em duas cidades, em Cidade Continental no munic\u00edpio da Serra, com jogos apenas da categoria sub 13 e a outra etapa em S\u00e3o Gabriel da Palha, com &hellip;<\/p>\n<p class=\"read-more\"> <a class=\"\" href=\"https:\/\/fesfs.com.br\/home\/?p=1503\"> <span class=\"screen-reader-text\">FASE FINAL COPA ES DE BASE<\/span> Leia mais &raquo;<\/a><\/p>\n","protected":false},"author":2,"featured_media":0,"comment_status":"open","ping_status":"open","sticky":false,"template":"","format":"standard","meta":{"footnotes":""},"categories":[1],"tags":[],"class_list":["post-1503","post","type-post","status-publish","format-standard","hentry","category-uncategorized"],"_links":{"self":[{"href":"https:\/\/fesfs.com.br\/home\/index.php?rest_route=\/wp\/v2\/posts\/1503","targetHints":{"allow":["GET"]}}],"collection":[{"href":"https:\/\/fesfs.com.br\/home\/index.php?rest_route=\/wp\/v2\/posts"}],"about":[{"href":"https:\/\/fesfs.com.br\/home\/index.php?rest_route=\/wp\/v2\/types\/post"}],"author":[{"embeddable":true,"href":"https:\/\/fesfs.com.br\/home\/index.php?rest_route=\/wp\/v2\/users\/2"}],"replies":[{"embeddable":true,"href":"https:\/\/fesfs.com.br\/home\/index.php?rest_route=%2Fwp%2Fv2%2Fcomments&post=1503"}],"version-history":[{"count":14,"href":"https:\/\/fesfs.com.br\/home\/index.php?rest_route=\/wp\/v2\/posts\/1503\/revisions"}],"predecessor-version":[{"id":1518,"href":"https:\/\/fesfs.com.br\/home\/index.php?rest_route=\/wp\/v2\/posts\/1503\/revisions\/1518"}],"wp:attachment":[{"href":"https:\/\/fesfs.com.br\/home\/index.php?rest_route=%2Fwp%2Fv2%2Fmedia&parent=1503"}],"wp:term":[{"taxonomy":"category","embeddable":true,"href":"https:\/\/fesfs.com.br\/home\/index.php?rest_route=%2Fwp%2Fv2%2Fcategories&post=1503"},{"taxonomy":"post_tag","embeddable":true,"href":"https:\/\/fesfs.com.br\/home\/index.php?rest_route=%2Fwp%2Fv2%2Ftags&post=1503"}],"curies":[{"name":"wp","href":"https:\/\/api.w.org\/{rel}","templated":true}]}}